{"id":665,"date":"2019-09-07T12:25:33","date_gmt":"2019-09-07T15:25:33","guid":{"rendered":"https:\/\/qualiotica.com.br\/site\/?p=665"},"modified":"2022-07-26T10:44:03","modified_gmt":"2022-07-26T13:44:03","slug":"compre-seus-oculos-e-ganhe-mais-uma-armacao","status":"publish","type":"post","link":"https:\/\/qualiotica.com.br\/site\/compre-seus-oculos-e-ganhe-mais-uma-armacao\/","title":{"rendered":"Promo\u00e7\u00e3o especial para voc\u00ea"},"content":{"rendered":"<p><img loading=\"lazy\" decoding=\"async\" class=\"size-full wp-image-666\" src=\"https:\/\/qualiotica.com.br\/site\/wp-content\/uploads\/2019\/09\/2019_08_26_Qualiotica_DiadoCliente2019_PostFacebook_v01.jpg\" alt=\"\" width=\"2000\" height=\"2000\" srcset=\"https:\/\/qualiotica.com.br\/site\/wp-content\/uploads\/2019\/09\/2019_08_26_Qualiotica_DiadoCliente2019_PostFacebook_v01.jpg 2000w, https:\/\/qualiotica.com.br\/site\/wp-content\/uploads\/2019\/09\/2019_08_26_Qualiotica_DiadoCliente2019_PostFacebook_v01-150x150.jpg 150w, https:\/\/qualiotica.com.br\/site\/wp-content\/uploads\/2019\/09\/2019_08_26_Qualiotica_DiadoCliente2019_PostFacebook_v01-300x300.jpg 300w, https:\/\/qualiotica.com.br\/site\/wp-content\/uploads\/2019\/09\/2019_08_26_Qualiotica_DiadoCliente2019_PostFacebook_v01-768x768.jpg 768w, https:\/\/qualiotica.com.br\/site\/wp-content\/uploads\/2019\/09\/2019_08_26_Qualiotica_DiadoCliente2019_PostFacebook_v01-1024x1024.jpg 1024w\" sizes=\"(max-width: 2000px) 100vw, 2000px\" \/><\/p>\n<h3>Regulamento da promo\u00e7\u00e3o<\/h3>\n<ol>\n<li>A campanha \u00e9 exclusiva da rede Quali\u00f3tica.<\/li>\n<li>A campanha estar\u00e1 v\u00e1lida do dia 07 a 30 de setembro de 2019 ou enquanto durarem os nossos estoques.<\/li>\n<li>Na compra de um \u00f3culos completo, ganhe a segunda arma\u00e7\u00e3o.<\/li>\n<li>A arma\u00e7\u00e3o participante da campanha \u00e9 obrigatoriamente de marca pr\u00f3pria da rede, n\u00e3o podendo ser trocada por outra marca e nem por cr\u00e9dito na compra.<\/li>\n<\/ol>\n<p>&nbsp;<\/p>\n","protected":false},"excerpt":{"rendered":"<p>Regulamento da promo\u00e7\u00e3o A campanha \u00e9 exclusiva da rede Quali\u00f3tica. A campanha estar\u00e1 v\u00e1lida do dia 07 a 30 de setembro de 2019 ou enquanto durarem os nossos estoques. Na compra de um \u00f3culos completo, ganhe a segunda arma\u00e7\u00e3o. A arma\u00e7\u00e3o participante da campanha \u00e9 obrigatoriamente de marca pr\u00f3pria da rede, n\u00e3o podendo ser trocada [&hellip;]<\/p>\n","protected":false},"author":2,"featured_media":666,"comment_status":"closed","ping_status":"closed","sticky":false,"template":"","format":"standard","meta":{"footnotes":""},"categories":[1],"tags":[33,21,19,37,39,17,10],"class_list":["post-665","post","type-post","status-publish","format-standard","has-post-thumbnail","hentry","category-promocoes","tag-eyewear","tag-oculos-de-grau","tag-oculos-de-receituario","tag-otica","tag-perfeita-para-seu-estilo","tag-promocao","tag-qualiotica"],"_links":{"self":[{"href":"https:\/\/qualiotica.com.br\/site\/wp-json\/wp\/v2\/posts\/665"}],"collection":[{"href":"https:\/\/qualiotica.com.br\/site\/wp-json\/wp\/v2\/posts"}],"about":[{"href":"https:\/\/qualiotica.com.br\/site\/wp-json\/wp\/v2\/types\/post"}],"author":[{"embeddable":true,"href":"https:\/\/qualiotica.com.br\/site\/wp-json\/wp\/v2\/users\/2"}],"replies":[{"embeddable":true,"href":"https:\/\/qualiotica.com.br\/site\/wp-json\/wp\/v2\/comments?post=665"}],"version-history":[{"count":2,"href":"https:\/\/qualiotica.com.br\/site\/wp-json\/wp\/v2\/posts\/665\/revisions"}],"predecessor-version":[{"id":670,"href":"https:\/\/qualiotica.com.br\/site\/wp-json\/wp\/v2\/posts\/665\/revisions\/670"}],"wp:featuredmedia":[{"embeddable":true,"href":"https:\/\/qualiotica.com.br\/site\/wp-json\/wp\/v2\/media\/666"}],"wp:attachment":[{"href":"https:\/\/qualiotica.com.br\/site\/wp-json\/wp\/v2\/media?parent=665"}],"wp:term":[{"taxonomy":"category","embeddable":true,"href":"https:\/\/qualiotica.com.br\/site\/wp-json\/wp\/v2\/categories?post=665"},{"taxonomy":"post_tag","embeddable":true,"href":"https:\/\/qualiotica.com.br\/site\/wp-json\/wp\/v2\/tags?post=665"}],"curies":[{"name":"wp","href":"https:\/\/api.w.org\/{rel}","templated":true}]}}